{"id":4035,"date":"2026-08-24T19:25:51","date_gmt":"2026-08-24T19:25:51","guid":{"rendered":"http:\/\/gruene-walldorf.de\/?p=4035"},"modified":"2026-08-24T20:23:48","modified_gmt":"2026-08-24T20:23:48","slug":"world-cleanup-day-auch-in-walldorf-2","status":"publish","type":"post","link":"http:\/\/gruene-walldorf.de\/?p=4035","title":{"rendered":"World Cleanup Day &#8211; auch in Walldorf"},"content":{"rendered":"\n<p class=\"wp-block-paragraph\">Am 20. September ist World Cleanup Day &#8211; eine der weltweit gr\u00f6\u00dften&nbsp;zivilgesellschaftlichen&nbsp;Aktionen zur Beseitigung von&nbsp;Umweltverschmutzung, die seit 2024 auch von der UN zum internationalen Aktionstag erkl\u00e4rt wurde.<\/p>\n\n\n\n<p class=\"wp-block-paragraph\">Auch in Walldorf findet am 20. September ab 10.00 Uhr eine Aktion statt, die von einem unserer Mitglieder initiiert wurde. Diese Initiative m\u00f6chten wir unterst\u00fctzen und geben die Information gern an alle Interessierten weiter.<\/p>\n\n\n\n<p class=\"wp-block-paragraph\">Wir kennen alle die Gemarkungsputzaktion in Walldorf, die jedes Jahr im M\u00e4rz stattfindet und bei der mit sehr viel Engagement M\u00fcll um Walldorf herum gesammelt wird. Es schadet sicher keineswegs, wenn zus\u00e4tzlich zu Beginn des Herbstes im Walldorfer Stadtgebiet, insbesondere auf den Gr\u00fcnfl\u00e4chen, der M\u00fcll beseitigt wird. Neben dieser privaten Initiative sammeln in einer zweiten Walldorfer Aktion auch die 6. Klassen der Theodor-Heuss-Realschule um das Schulzentrum herum. Walldorf ist aber weit gr\u00f6\u00dfer. Daher werden viele H\u00e4nde gebraucht.<\/p>\n\n\n\n<p class=\"wp-block-paragraph\">Alle sind willkommen &#8211; ganz unabh\u00e4ngig von der Parteizugeh\u00f6rigkeit. Die Freude an einer intakten Natur und Umwelt hat keine Parteifarbe. Also meldet Euch bitte unter folgendem Link an. Hier findet Ihr auch n\u00e4here Informationen zur Aktion in Walldorf.<\/p>\n\n\n\n<p class=\"wp-block-paragraph\"><a href=\"https:\/\/www.worldcleanupday.de\/mach-mit\/events\/world-cleanup-day-in-walldorf-2\/\">World Cleanup Day in Walldorf &#8211; World Cleanup Day &#8211; Die Welt r\u00e4umt auf und Deutschland macht mit!<\/a><\/p>\n\n\n\n<p class=\"wp-block-paragraph\"><\/p>\n","protected":false},"excerpt":{"rendered":"<p>Am 20. September ist World Cleanup Day &#8211; eine der weltweit gr\u00f6\u00dften&nbsp;zivilgesellschaftlichen&nbsp;Aktionen zur Beseitigung von&nbsp;Umweltverschmutzung, die seit 2024 auch von der UN zum internationalen Aktionstag erkl\u00e4rt wurde. Auch in Walldorf&#8230; <\/p>\n","protected":false},"author":6,"featured_media":4036,"comment_status":"open","ping_status":"open","sticky":false,"template":"","format":"standard","meta":{"footnotes":""},"categories":[1],"tags":[],"class_list":["post-4035","post","type-post","status-publish","format-standard","has-post-thumbnail","hentry","category-uncategorized"],"_links":{"self":[{"href":"http:\/\/gruene-walldorf.de\/index.php?rest_route=\/wp\/v2\/posts\/4035","targetHints":{"allow":["GET"]}}],"collection":[{"href":"http:\/\/gruene-walldorf.de\/index.php?rest_route=\/wp\/v2\/posts"}],"about":[{"href":"http:\/\/gruene-walldorf.de\/index.php?rest_route=\/wp\/v2\/types\/post"}],"author":[{"embeddable":true,"href":"http:\/\/gruene-walldorf.de\/index.php?rest_route=\/wp\/v2\/users\/6"}],"replies":[{"embeddable":true,"href":"http:\/\/gruene-walldorf.de\/index.php?rest_route=%2Fwp%2Fv2%2Fcomments&post=4035"}],"version-history":[{"count":4,"href":"http:\/\/gruene-walldorf.de\/index.php?rest_route=\/wp\/v2\/posts\/4035\/revisions"}],"predecessor-version":[{"id":4042,"href":"http:\/\/gruene-walldorf.de\/index.php?rest_route=\/wp\/v2\/posts\/4035\/revisions\/4042"}],"wp:featuredmedia":[{"embeddable":true,"href":"http:\/\/gruene-walldorf.de\/index.php?rest_route=\/wp\/v2\/media\/4036"}],"wp:attachment":[{"href":"http:\/\/gruene-walldorf.de\/index.php?rest_route=%2Fwp%2Fv2%2Fmedia&parent=4035"}],"wp:term":[{"taxonomy":"category","embeddable":true,"href":"http:\/\/gruene-walldorf.de\/index.php?rest_route=%2Fwp%2Fv2%2Fcategories&post=4035"},{"taxonomy":"post_tag","embeddable":true,"href":"http:\/\/gruene-walldorf.de\/index.php?rest_route=%2Fwp%2Fv2%2Ftags&post=4035"}],"curies":[{"name":"wp","href":"https:\/\/api.w.org\/{rel}","templated":true}]}}